{"id":648,"date":"2020-11-09T17:04:48","date_gmt":"2020-11-09T16:04:48","guid":{"rendered":"https:\/\/www.geoproject.fr\/arpenteur\/?p=648"},"modified":"2021-02-16T15:26:31","modified_gmt":"2021-02-16T14:26:31","slug":"le-phenomene-h-d-thoreau","status":"publish","type":"post","link":"https:\/\/geoproject.fr\/arpenteur\/le-phenomene-h-d-thoreau\/","title":{"rendered":"Le ph\u00e9nom\u00e8ne H.D Thoreau"},"content":{"rendered":"<blockquote>\n<p style=\"text-align: center;\">Pour s'impr\u00e9gner du personnage<\/p>\n<\/blockquote>\n<p><span class=\"lettrine\"><img loading=\"lazy\" decoding=\"async\" class=\"alignleft wp-image-740 size-full\" src=\"https:\/\/geoproject.fr\/arpenteur\/wp-content\/uploads\/sites\/17\/2020\/11\/partition-graphique-Loic-Gue\u0301nin-e1604933083375.jpg\" alt=\"\" width=\"800\" height=\"533\" \/><\/span><\/p>\n<p>Cr\u00e9dit : Partition graphique Lo\u00efc Gu\u00e9rin<\/p>\n<img loading=\"lazy\" decoding=\"async\" class=\"alignnone wp-image-791\" src=\"https:\/\/geoproject.fr\/arpenteur\/wp-content\/uploads\/sites\/17\/post\/entre\u0301e-cabane-Thoreau.jpg\" alt=\"\" width=\"469\" height=\"352\" srcset=\"https:\/\/geoproject.fr\/arpenteur\/wp-content\/uploads\/sites\/17\/post\/entre\u0301e-cabane-Thoreau.jpg 736w, https:\/\/geoproject.fr\/arpenteur\/wp-content\/uploads\/sites\/17\/post\/entre\u0301e-cabane-Thoreau-300x225.jpg 300w\" sizes=\"auto, (max-width: 469px) 100vw, 469px\" \/>\n<p>L<a href=\"https:\/\/www.geoproject.fr\/arpenteur\/markers\/la-cabane-de-lhomme-ecureuil\/\">e ph\u00e9nom\u00e8ne Thoreau<\/a><\/p>\n","protected":false},"excerpt":{"rendered":"<p>Pour s&rsquo;impr\u00e9gner du personnage Cr\u00e9dit : Partition graphique Lo\u00efc Gu\u00e9rin Le ph\u00e9nom\u00e8ne Thoreau<\/p>\n","protected":false},"author":2,"featured_media":102,"comment_status":"open","ping_status":"open","sticky":false,"template":"","format":"standard","meta":{"_ef_editorial_meta_date_first-draft-date":"","_ef_editorial_meta_paragraph_assignment":"","_ef_editorial_meta_checkbox_needs-photo":"","_ef_editorial_meta_number_word-count":"","_ef_editorial_meta_checkbox_dessins":"","_ef_editorial_meta_user_auteur":"85","footnotes":""},"categories":[1],"tags":[85,60,84],"class_list":["post-648","post","type-post","status-publish","format-standard","has-post-thumbnail","hentry","category-non-classe","tag-concord","tag-thoreau","tag-walden"],"_links":{"self":[{"href":"https:\/\/geoproject.fr\/arpenteur\/wp-json\/wp\/v2\/posts\/648","targetHints":{"allow":["GET"]}}],"collection":[{"href":"https:\/\/geoproject.fr\/arpenteur\/wp-json\/wp\/v2\/posts"}],"about":[{"href":"https:\/\/geoproject.fr\/arpenteur\/wp-json\/wp\/v2\/types\/post"}],"author":[{"embeddable":true,"href":"https:\/\/geoproject.fr\/arpenteur\/wp-json\/wp\/v2\/users\/2"}],"replies":[{"embeddable":true,"href":"https:\/\/geoproject.fr\/arpenteur\/wp-json\/wp\/v2\/comments?post=648"}],"version-history":[{"count":9,"href":"https:\/\/geoproject.fr\/arpenteur\/wp-json\/wp\/v2\/posts\/648\/revisions"}],"predecessor-version":[{"id":905,"href":"https:\/\/geoproject.fr\/arpenteur\/wp-json\/wp\/v2\/posts\/648\/revisions\/905"}],"wp:featuredmedia":[{"embeddable":true,"href":"https:\/\/geoproject.fr\/arpenteur\/wp-json\/wp\/v2\/media\/102"}],"wp:attachment":[{"href":"https:\/\/geoproject.fr\/arpenteur\/wp-json\/wp\/v2\/media?parent=648"}],"wp:term":[{"taxonomy":"category","embeddable":true,"href":"https:\/\/geoproject.fr\/arpenteur\/wp-json\/wp\/v2\/categories?post=648"},{"taxonomy":"post_tag","embeddable":true,"href":"https:\/\/geoproject.fr\/arpenteur\/wp-json\/wp\/v2\/tags?post=648"}],"curies":[{"name":"wp","href":"https:\/\/api.w.org\/{rel}","templated":true}]}}