{"id":374,"date":"2024-03-26T22:14:16","date_gmt":"2024-03-26T21:14:16","guid":{"rendered":"https:\/\/geoproject.fr\/mp\/?p=374"},"modified":"2024-04-06T11:42:41","modified_gmt":"2024-04-06T09:42:41","slug":"preface","status":"publish","type":"post","link":"https:\/\/geoproject.fr\/mp\/2024\/03\/26\/preface\/","title":{"rendered":"Pr\u00e9face"},"content":{"rendered":"<p>Ma rencontre avec G\u00e9oproject a eu lieu lors d'un \u00e9v\u00e9nement, la NEC (Num\u00e9rique en Commun), organis\u00e9 par le R.I.N.G. (R\u00e9seau Inclusion Num\u00e9rique Gardois) au Pont du Gard. C'\u00e9tait un lieu d'\u00e9changes et de d\u00e9couvertes o\u00f9 divers ateliers \u00e9taient pr\u00e9sent\u00e9s. Lors de cet \u00e9v\u00e9nement, j'ai eu l'occasion d'assister \u00e0 la pr\u00e9sentation d'Alexandre Simonet du Laboratoire des usages num\u00e9riques de la biblioth\u00e8que de Carr\u00e9 d'Art, le labo2. Initialement sceptique, j'ai \u00e9t\u00e9 progressivement s\u00e9duite par l'id\u00e9e qu'il partageait.<\/p>\n<p>Depuis mon arriv\u00e9 dans le sud, j'avais d\u00e9j\u00e0 commenc\u00e9 \u00e0 tenir un carnet virtuel sur Padlet pour documenter et partager mes aventures avec mes amis. L'id\u00e9e de transformer ces \u00e9crits num\u00e9riques en un livre concret, un souvenir tangible \u00e0 conserver et peut-\u00eatre \u00e0 offrir, a r\u00e9sonn\u00e9 en moi. Anim\u00e9e par cette nouvelle inspiration, j'ai rapidement pris rendez-vous avec Alexandre pour discuter davantage et poser les premiers jalons de ce qui deviendrait le r\u00e9cit d'une \u00e9tudiante naviguant entre aventures touristiques et ses \u00e9tudes dans le sud. Ce livre sera le t\u00e9moignage de cette exp\u00e9rience et la r\u00e9alit\u00e9 concr\u00e8te d'un projet devenu livre. Et, je compte continuer avec Geoproject pour cr\u00e9er des projets sur la r\u00e9gion parisienne car n'oublions pas, je suis animatrice multim\u00e9dia.<\/p>\n","protected":false},"excerpt":{"rendered":"<p>Ma rencontre avec G\u00e9oproject a eu lieu lors d&rsquo;un \u00e9v\u00e9nement, la NEC (Num\u00e9rique en Commun), organis\u00e9 par le R.I.N.G. (R\u00e9seau Inclusion Num\u00e9rique Gardois) au Pont du Gard. C&rsquo;\u00e9tait un lieu d&rsquo;\u00e9changes et de d\u00e9couvertes o\u00f9 divers ateliers \u00e9taient pr\u00e9sent\u00e9s. Lors de cet \u00e9v\u00e9nement, j&rsquo;ai eu l&rsquo;occasion d&rsquo;assister \u00e0 la pr\u00e9sentation d&rsquo;Alexandre Simonet du Laboratoire des [&hellip;]<\/p>\n","protected":false},"author":2,"featured_media":0,"comment_status":"open","ping_status":"open","sticky":false,"template":"","format":"standard","meta":{"_ef_editorial_meta_date_first-draft-date":"","_ef_editorial_meta_paragraph_assignment":"","_ef_editorial_meta_checkbox_needs-photo":"","_ef_editorial_meta_number_word-count":"","footnotes":""},"categories":[1],"tags":[],"class_list":["post-374","post","type-post","status-publish","format-standard","hentry","category-non-classe"],"_links":{"self":[{"href":"https:\/\/geoproject.fr\/mp\/wp-json\/wp\/v2\/posts\/374","targetHints":{"allow":["GET"]}}],"collection":[{"href":"https:\/\/geoproject.fr\/mp\/wp-json\/wp\/v2\/posts"}],"about":[{"href":"https:\/\/geoproject.fr\/mp\/wp-json\/wp\/v2\/types\/post"}],"author":[{"embeddable":true,"href":"https:\/\/geoproject.fr\/mp\/wp-json\/wp\/v2\/users\/2"}],"replies":[{"embeddable":true,"href":"https:\/\/geoproject.fr\/mp\/wp-json\/wp\/v2\/comments?post=374"}],"version-history":[{"count":5,"href":"https:\/\/geoproject.fr\/mp\/wp-json\/wp\/v2\/posts\/374\/revisions"}],"predecessor-version":[{"id":478,"href":"https:\/\/geoproject.fr\/mp\/wp-json\/wp\/v2\/posts\/374\/revisions\/478"}],"wp:attachment":[{"href":"https:\/\/geoproject.fr\/mp\/wp-json\/wp\/v2\/media?parent=374"}],"wp:term":[{"taxonomy":"category","embeddable":true,"href":"https:\/\/geoproject.fr\/mp\/wp-json\/wp\/v2\/categories?post=374"},{"taxonomy":"post_tag","embeddable":true,"href":"https:\/\/geoproject.fr\/mp\/wp-json\/wp\/v2\/tags?post=374"}],"curies":[{"name":"wp","href":"https:\/\/api.w.org\/{rel}","templated":true}]}}