{"id":4038,"date":"2025-07-23T18:48:28","date_gmt":"2025-07-23T16:48:28","guid":{"rendered":"https:\/\/geoproject.fr\/outrechamps\/?p=4038"},"modified":"2025-07-23T19:18:31","modified_gmt":"2025-07-23T17:18:31","slug":"a-propos-de-plis-et-sillons","status":"publish","type":"post","link":"https:\/\/geoproject.fr\/outrechamps\/a-propos-de-plis-et-sillons\/","title":{"rendered":"\u00e0 propos de \u00ab\u00a0Plis et sillons\u00a0\u00bb"},"content":{"rendered":"<p>&gt;&gt; <strong>Mon intention<\/strong>, c'est donner \u00e0 lire un r\u00e9cit augment\u00e9 de manuscrits, photographies, croquis, lectures, vid\u00e9os dans une d\u00e9marche po\u00e9tique.<\/p>\n<p>Quelle est la narration projet\u00e9e ? L'exploration d'une lign\u00e9e familiale \u00e0 travers les si\u00e8cles et les territoires, agr\u00e9ment\u00e9e de portraits de personnes et de paysages, et de correspondances entre la Sarthe et le Gard.<\/p>\n<p>&nbsp;<\/p>\n<p>&gt;&gt; <strong>Mon travail<\/strong>, dans la foul\u00e9e de mes productions de 2017 \u00e0 2023, s'enrichit aujourd'hui de donn\u00e9es g\u00e9n\u00e9alogiques \u00e0 partir desquelles j'ai men\u00e9 une enqu\u00eate documentaire et sur le terrain.<\/p>\n<p>De quelle enqu\u00eate s'agit-il ? Il me fallait, il me faut encore questionner comment le go\u00fbt du d\u00e9placement a permis une \u00e9mancipation des femmes issues d'un milieu modeste depuis le 17e si\u00e8cle jusqu'au 19e si\u00e8cle et comment cette \u00e9mancipation a \u00e9t\u00e9 contrari\u00e9e \u00e0 partir du 20e si\u00e8cle (en particulier lors de la Premi\u00e8re Guerre Mondiale et \u00e0 travers une ascension sociale biais\u00e9e).<\/p>\n<p>La cr\u00e9ation envisag\u00e9e est un recueil num\u00e9rique, <em>Plis et sillons<\/em>, constitu\u00e9 de trois r\u00e9cits ponctu\u00e9s par deux longs formats journalistiques \u2013 le tout g\u00e9olocalis\u00e9 sur une carte \u00e9difi\u00e9e pour le projet.<\/p>\n<p>&nbsp;<\/p>\n<p><strong>\u00a0&gt;&gt; Ma d\u00e9marche<\/strong>, de point en point, est litt\u00e9raire et rigoureuse. Durant deux ans, j'ai tenu un journal de bord, amass\u00e9 des documents, \u00e9crit des fragments po\u00e9tiques, naviguant entre le r\u00e9el (N\u00eemes et Anduze, Le Mans et la campagne sarthoise) et le virtuel (sites g\u00e9n\u00e9alogiques et multiples recherches encyclop\u00e9diques).<\/p>\n<img loading=\"lazy\" decoding=\"async\" class=\"aligncenter size-full wp-image-4040\" src=\"https:\/\/geoproject.fr\/outrechamps\/wp-content\/uploads\/sites\/15\/post\/Gloomap.png\" alt=\"\" width=\"881\" height=\"440\" srcset=\"https:\/\/geoproject.fr\/outrechamps\/wp-content\/uploads\/sites\/15\/post\/Gloomap.png 881w, https:\/\/geoproject.fr\/outrechamps\/wp-content\/uploads\/sites\/15\/post\/Gloomap-300x150.png 300w\" sizes=\"auto, (max-width: 881px) 100vw, 881px\" \/>\n<p style=\"text-align: right\">Anduze, le 23\/07\/2025<\/p>\n","protected":false},"excerpt":{"rendered":"<p>&gt;&gt; Mon intention, c&rsquo;est donner \u00e0 lire un r\u00e9cit augment\u00e9 de manuscrits, photographies, croquis, lectures, vid\u00e9os dans une d\u00e9marche po\u00e9tique. Quelle est la narration projet\u00e9e ? L&rsquo;exploration d&rsquo;une lign\u00e9e familiale \u00e0 travers les si\u00e8cles et les territoires, agr\u00e9ment\u00e9e de portraits de personnes et de paysages, et de correspondances entre la Sarthe et le Gard. &nbsp; [&hellip;]<\/p>\n","protected":false},"author":86,"featured_media":0,"comment_status":"open","ping_status":"open","sticky":false,"template":"","format":"standard","meta":{"_ef_editorial_meta_date_first-draft-date":"","_ef_editorial_meta_paragraph_assignment":"","_ef_editorial_meta_checkbox_needs-photo":"","_ef_editorial_meta_number_word-count":"","_ef_editorial_meta_number_carte":"","footnotes":""},"categories":[89],"tags":[],"class_list":["post-4038","post","type-post","status-publish","format-standard","hentry","category-blog"],"_links":{"self":[{"href":"https:\/\/geoproject.fr\/outrechamps\/wp-json\/wp\/v2\/posts\/4038","targetHints":{"allow":["GET"]}}],"collection":[{"href":"https:\/\/geoproject.fr\/outrechamps\/wp-json\/wp\/v2\/posts"}],"about":[{"href":"https:\/\/geoproject.fr\/outrechamps\/wp-json\/wp\/v2\/types\/post"}],"author":[{"embeddable":true,"href":"https:\/\/geoproject.fr\/outrechamps\/wp-json\/wp\/v2\/users\/86"}],"replies":[{"embeddable":true,"href":"https:\/\/geoproject.fr\/outrechamps\/wp-json\/wp\/v2\/comments?post=4038"}],"version-history":[{"count":3,"href":"https:\/\/geoproject.fr\/outrechamps\/wp-json\/wp\/v2\/posts\/4038\/revisions"}],"predecessor-version":[{"id":4042,"href":"https:\/\/geoproject.fr\/outrechamps\/wp-json\/wp\/v2\/posts\/4038\/revisions\/4042"}],"wp:attachment":[{"href":"https:\/\/geoproject.fr\/outrechamps\/wp-json\/wp\/v2\/media?parent=4038"}],"wp:term":[{"taxonomy":"category","embeddable":true,"href":"https:\/\/geoproject.fr\/outrechamps\/wp-json\/wp\/v2\/categories?post=4038"},{"taxonomy":"post_tag","embeddable":true,"href":"https:\/\/geoproject.fr\/outrechamps\/wp-json\/wp\/v2\/tags?post=4038"}],"curies":[{"name":"wp","href":"https:\/\/api.w.org\/{rel}","templated":true}]}}